{"id":1231,"date":"2025-06-08T22:41:15","date_gmt":"2025-06-08T20:41:15","guid":{"rendered":"http:\/\/arc-antibes.fr\/?p=1231"},"modified":"2025-12-10T19:48:52","modified_gmt":"2025-12-10T18:48:52","slug":"1231","status":"publish","type":"post","link":"http:\/\/arc-antibes.fr\/?p=1231","title":{"rendered":"TRJ-DRJ 2025"},"content":{"rendered":"\n<div style=\"height:50px\" aria-hidden=\"true\" class=\"wp-block-spacer\"><\/div>\n\n\n\n<p>La conclusion du Tournoi et de la Division r\u00e9gionale Jeunes s\u2019est \u00e9crite le week-end des 07 et 08 juin sur le terrain des Francs Archers de Nice, lors de la troisi\u00e8me manche de cette comp\u00e9tition d\u00e9but\u00e9e d\u00e9but avril.<\/p>\n\n\n\n<p>L\u2019\u00e9quipe Jeunes (compos\u00e9e sur cette manche de Sofia Dumont, Baptiste Bellot et Mano D\u00e9siry), finit \u00e0 la 3<sup>\u00e8me<\/sup> place du classement g\u00e9n\u00e9ral (U18-U21). Quant aux classements individuels Coline Smith (U21) termine \u00e0 la 1<sup>\u00e8re<\/sup> place, tandis que Victor Fuselier (U15) monte sur la 2<sup>\u00e8me<\/sup> marche du podium.<\/p>\n\n\n\n<p>A noter la 10<sup>\u00e8me<\/sup> place pour Maelys Ajmar, qui participait \u00e0 ses premi\u00e8res comp\u00e9titions et TRJ.<\/p>\n\n\n\n<p>Bravo \u00e0 l\u2019ensemble des neuf jeunes engag\u00e9s tout au long de cette comp\u00e9tition.<\/p>\n\n\n\n<figure class=\"wp-block-image size-large\"><img loading=\"lazy\" decoding=\"async\" width=\"1024\" height=\"841\" src=\"http:\/\/arc-antibes.fr\/wp-content\/uploads\/2025\/06\/TRJ3.3-1024x841.jpg\" alt=\"\" class=\"wp-image-1232\" style=\"aspect-ratio:16\/9;object-fit:cover\" srcset=\"http:\/\/arc-antibes.fr\/wp-content\/uploads\/2025\/06\/TRJ3.3-1024x841.jpg 1024w, http:\/\/arc-antibes.fr\/wp-content\/uploads\/2025\/06\/TRJ3.3-300x246.jpg 300w, http:\/\/arc-antibes.fr\/wp-content\/uploads\/2025\/06\/TRJ3.3-768x631.jpg 768w, http:\/\/arc-antibes.fr\/wp-content\/uploads\/2025\/06\/TRJ3.3.jpg 1319w\" sizes=\"auto, (max-width: 1024px) 100vw, 1024px\" \/><\/figure>\n\n\n\n<div style=\"height:50px\" aria-hidden=\"true\" class=\"wp-block-spacer\"><\/div>\n\n\n\n<hr class=\"wp-block-separator has-alpha-channel-opacity\"\/>\n","protected":false},"excerpt":{"rendered":"<p>La conclusion du Tournoi et de la Division r\u00e9gionale Jeunes s\u2019est \u00e9crite le week-end des 07 et 08 juin sur le terrain des Francs Archers de Nice, lors de la troisi\u00e8me manche de cette comp\u00e9tition d\u00e9but\u00e9e d\u00e9but avril. L\u2019\u00e9quipe Jeunes &hellip; <a href=\"http:\/\/arc-antibes.fr\/?p=1231\">Continuer la lecture <span class=\"meta-nav\">&rarr;<\/span><\/a><\/p>\n","protected":false},"author":1,"featured_media":0,"comment_status":"closed","ping_status":"closed","sticky":false,"template":"","format":"gallery","meta":{"ngg_post_thumbnail":0,"footnotes":"[]"},"categories":[11],"tags":[],"class_list":["post-1231","post","type-post","status-publish","format-gallery","hentry","category-competition","post_format-post-format-gallery"],"_links":{"self":[{"href":"http:\/\/arc-antibes.fr\/index.php?rest_route=\/wp\/v2\/posts\/1231","targetHints":{"allow":["GET"]}}],"collection":[{"href":"http:\/\/arc-antibes.fr\/index.php?rest_route=\/wp\/v2\/posts"}],"about":[{"href":"http:\/\/arc-antibes.fr\/index.php?rest_route=\/wp\/v2\/types\/post"}],"author":[{"embeddable":true,"href":"http:\/\/arc-antibes.fr\/index.php?rest_route=\/wp\/v2\/users\/1"}],"replies":[{"embeddable":true,"href":"http:\/\/arc-antibes.fr\/index.php?rest_route=%2Fwp%2Fv2%2Fcomments&post=1231"}],"version-history":[{"count":15,"href":"http:\/\/arc-antibes.fr\/index.php?rest_route=\/wp\/v2\/posts\/1231\/revisions"}],"predecessor-version":[{"id":2818,"href":"http:\/\/arc-antibes.fr\/index.php?rest_route=\/wp\/v2\/posts\/1231\/revisions\/2818"}],"wp:attachment":[{"href":"http:\/\/arc-antibes.fr\/index.php?rest_route=%2Fwp%2Fv2%2Fmedia&parent=1231"}],"wp:term":[{"taxonomy":"category","embeddable":true,"href":"http:\/\/arc-antibes.fr\/index.php?rest_route=%2Fwp%2Fv2%2Fcategories&post=1231"},{"taxonomy":"post_tag","embeddable":true,"href":"http:\/\/arc-antibes.fr\/index.php?rest_route=%2Fwp%2Fv2%2Ftags&post=1231"}],"curies":[{"name":"wp","href":"https:\/\/api.w.org\/{rel}","templated":true}]}}