{"id":1399,"date":"2025-06-15T14:50:24","date_gmt":"2025-06-15T12:50:24","guid":{"rendered":"http:\/\/arc-antibes.fr\/?p=1399"},"modified":"2025-12-10T19:49:42","modified_gmt":"2025-12-10T18:49:42","slug":"1399","status":"publish","type":"post","link":"http:\/\/arc-antibes.fr\/?p=1399","title":{"rendered":"Championnat r\u00e9gional TAE 2025"},"content":{"rendered":"\n<div style=\"height:50px\" aria-hidden=\"true\" class=\"wp-block-spacer\"><\/div>\n\n\n\n<p>Les Championnats r\u00e9gionaux se tenaient \u00e0 Ved\u00e8ne (Vaucluse) les 14 et 15 juin. Quatre Jeunes \u00e9taient engag\u00e9s le samedi, encadr\u00e9s de leurs deux entra\u00eeneurs.<\/p>\n\n\n\n<p>Apr\u00e8s les tirs qualificatifs et des duels, la journ\u00e9e s\u2019est conclue par une m\u00e9daille d\u2019or pour Baptiste Bellot (U18).<\/p>\n\n\n\n<figure class=\"wp-block-image size-full\"><img loading=\"lazy\" decoding=\"async\" width=\"1642\" height=\"1256\" src=\"http:\/\/arc-antibes.fr\/wp-content\/uploads\/2025\/07\/REGIONAL.2bis.jpg\" alt=\"\" class=\"wp-image-1400\" srcset=\"http:\/\/arc-antibes.fr\/wp-content\/uploads\/2025\/07\/REGIONAL.2bis.jpg 1642w, http:\/\/arc-antibes.fr\/wp-content\/uploads\/2025\/07\/REGIONAL.2bis-300x229.jpg 300w, http:\/\/arc-antibes.fr\/wp-content\/uploads\/2025\/07\/REGIONAL.2bis-1024x783.jpg 1024w, http:\/\/arc-antibes.fr\/wp-content\/uploads\/2025\/07\/REGIONAL.2bis-768x587.jpg 768w, http:\/\/arc-antibes.fr\/wp-content\/uploads\/2025\/07\/REGIONAL.2bis-1536x1175.jpg 1536w\" sizes=\"auto, (max-width: 1642px) 100vw, 1642px\" \/><\/figure>\n\n\n\n<p>Egalement pr\u00e9sents&nbsp;: Titouan Giersch, Mano et Milan D\u00e9siry (U18).<\/p>\n\n\n\n<div style=\"height:50px\" aria-hidden=\"true\" class=\"wp-block-spacer\"><\/div>\n\n\n\n<hr class=\"wp-block-separator has-alpha-channel-opacity\"\/>\n","protected":false},"excerpt":{"rendered":"<p>Les Championnats r\u00e9gionaux se tenaient \u00e0 Ved\u00e8ne (Vaucluse) les 14 et 15 juin. Quatre Jeunes \u00e9taient engag\u00e9s le samedi, encadr\u00e9s de leurs deux entra\u00eeneurs. Apr\u00e8s les tirs qualificatifs et des duels, la journ\u00e9e s\u2019est conclue par une m\u00e9daille d\u2019or pour &hellip; <a href=\"http:\/\/arc-antibes.fr\/?p=1399\">Continuer la lecture <span class=\"meta-nav\">&rarr;<\/span><\/a><\/p>\n","protected":false},"author":1,"featured_media":0,"comment_status":"closed","ping_status":"closed","sticky":false,"template":"","format":"gallery","meta":{"ngg_post_thumbnail":0,"footnotes":""},"categories":[11],"tags":[],"class_list":["post-1399","post","type-post","status-publish","format-gallery","hentry","category-competition","post_format-post-format-gallery"],"_links":{"self":[{"href":"http:\/\/arc-antibes.fr\/index.php?rest_route=\/wp\/v2\/posts\/1399","targetHints":{"allow":["GET"]}}],"collection":[{"href":"http:\/\/arc-antibes.fr\/index.php?rest_route=\/wp\/v2\/posts"}],"about":[{"href":"http:\/\/arc-antibes.fr\/index.php?rest_route=\/wp\/v2\/types\/post"}],"author":[{"embeddable":true,"href":"http:\/\/arc-antibes.fr\/index.php?rest_route=\/wp\/v2\/users\/1"}],"replies":[{"embeddable":true,"href":"http:\/\/arc-antibes.fr\/index.php?rest_route=%2Fwp%2Fv2%2Fcomments&post=1399"}],"version-history":[{"count":13,"href":"http:\/\/arc-antibes.fr\/index.php?rest_route=\/wp\/v2\/posts\/1399\/revisions"}],"predecessor-version":[{"id":2587,"href":"http:\/\/arc-antibes.fr\/index.php?rest_route=\/wp\/v2\/posts\/1399\/revisions\/2587"}],"wp:attachment":[{"href":"http:\/\/arc-antibes.fr\/index.php?rest_route=%2Fwp%2Fv2%2Fmedia&parent=1399"}],"wp:term":[{"taxonomy":"category","embeddable":true,"href":"http:\/\/arc-antibes.fr\/index.php?rest_route=%2Fwp%2Fv2%2Fcategories&post=1399"},{"taxonomy":"post_tag","embeddable":true,"href":"http:\/\/arc-antibes.fr\/index.php?rest_route=%2Fwp%2Fv2%2Ftags&post=1399"}],"curies":[{"name":"wp","href":"https:\/\/api.w.org\/{rel}","templated":true}]}}