{"id":2449,"date":"2025-11-23T20:34:22","date_gmt":"2025-11-23T19:34:22","guid":{"rendered":"http:\/\/arc-antibes.fr\/?p=2449"},"modified":"2025-12-14T18:27:20","modified_gmt":"2025-12-14T17:27:20","slug":"2449","status":"publish","type":"post","link":"http:\/\/arc-antibes.fr\/?p=2449","title":{"rendered":"Un beau week-end cannois\u00a0!"},"content":{"rendered":"\n<div style=\"height:50px\" aria-hidden=\"true\" class=\"wp-block-spacer\"><\/div>\n\n\n\n<p>La saison 2025 des concours en salle a commenc\u00e9 les 22 et 23 novembre \u00e0 la Compagnie de Cannes-Mandelieu, avec d\u2019ores-et-d\u00e9j\u00e0 de bons r\u00e9sultats, encourageants pour les 11 Antibois qui \u00e9taient engag\u00e9s sur la comp\u00e9tition.<\/p>\n\n\n\n<div class=\"wp-block-media-text has-media-on-the-right is-vertically-aligned-center\"><div class=\"wp-block-media-text__content\">\n<p>Chez les d\u00e9butants, Tiphaine Reis (S2) s\u2019empare de la 1<sup>\u00e8re<\/sup> place et Estelle Fuselier (S2) de la 2<sup>\u00e8me<\/sup> place et Priscilla Beck de la 6<sup>\u00e8me<\/sup>&nbsp; place.<\/p>\n\n\n\n<p>Chez les hommes, Adrien Capello (S1) et Jean-Victor Cassanas (S2) finissent respectivement \u00e0 la 6<sup>\u00e8me<\/sup> et 4<sup>\u00e8me<\/sup> places.<\/p>\n<\/div><figure class=\"wp-block-media-text__media\"><img loading=\"lazy\" decoding=\"async\" width=\"1024\" height=\"776\" src=\"http:\/\/arc-antibes.fr\/wp-content\/uploads\/2025\/11\/1000025251-2-1024x776.jpg\" alt=\"\" class=\"wp-image-2456 size-full\" srcset=\"http:\/\/arc-antibes.fr\/wp-content\/uploads\/2025\/11\/1000025251-2-1024x776.jpg 1024w, http:\/\/arc-antibes.fr\/wp-content\/uploads\/2025\/11\/1000025251-2-300x227.jpg 300w, http:\/\/arc-antibes.fr\/wp-content\/uploads\/2025\/11\/1000025251-2-768x582.jpg 768w, http:\/\/arc-antibes.fr\/wp-content\/uploads\/2025\/11\/1000025251-2.jpg 1173w\" sizes=\"auto, (max-width: 1024px) 100vw, 1024px\" \/><\/figure><\/div>\n\n\n\n<div class=\"wp-block-media-text\"><figure class=\"wp-block-media-text__media\"><img loading=\"lazy\" decoding=\"async\" width=\"1024\" height=\"727\" src=\"http:\/\/arc-antibes.fr\/wp-content\/uploads\/2025\/11\/IMG-20251124-WA0011-1024x727.jpg\" alt=\"\" class=\"wp-image-2553 size-full\" srcset=\"http:\/\/arc-antibes.fr\/wp-content\/uploads\/2025\/11\/IMG-20251124-WA0011-1024x727.jpg 1024w, http:\/\/arc-antibes.fr\/wp-content\/uploads\/2025\/11\/IMG-20251124-WA0011-300x213.jpg 300w, http:\/\/arc-antibes.fr\/wp-content\/uploads\/2025\/11\/IMG-20251124-WA0011-768x545.jpg 768w, http:\/\/arc-antibes.fr\/wp-content\/uploads\/2025\/11\/IMG-20251124-WA0011.jpg 1522w\" sizes=\"auto, (max-width: 1024px) 100vw, 1024px\" \/><\/figure><div class=\"wp-block-media-text__content\">\n<p>Chez les archers engag\u00e9s dans le concours s\u00e9lectif au Championnat de France, on notera la 3<sup>\u00e8me<\/sup> place pour Elora Jermann (U18), et la 4<sup>\u00e8me<\/sup> place pour Sofia Dumont (U21).<\/p>\n\n\n\n<p>Chez les U18 Hommes, Victor Fuselier, pour sa premi\u00e8re ann\u00e9e dans la cat\u00e9gorie, prend la 2<sup>\u00e8me<\/sup> place du classement.<\/p>\n<\/div><\/div>\n\n\n\n<p>Quant aux adultes, Adrien Jean (S1) termine \u00e0 la 4<sup>\u00e8me<\/sup> place et Klaudia Juhasz (S2) \u00e0 la 11<sup>\u00e8me<\/sup> place.<\/p>\n\n\n\n<p>Dans la cat\u00e9gorie Arcs \u00e0 poulies, Jean-Louis Perroux (S3) s\u2019empare de la 3<sup>\u00e8me<\/sup> place.<\/p>\n\n\n\n<p>Bravo \u00e0 eux&nbsp;!<\/p>\n\n\n\n<div style=\"height:50px\" aria-hidden=\"true\" class=\"wp-block-spacer\"><\/div>\n\n\n\n<hr class=\"wp-block-separator has-alpha-channel-opacity\"\/>\n","protected":false},"excerpt":{"rendered":"<p>La saison 2025 des concours en salle a commenc\u00e9 les 22 et 23 novembre \u00e0 la Compagnie de Cannes-Mandelieu, avec d\u2019ores-et-d\u00e9j\u00e0 de bons r\u00e9sultats, encourageants pour les 11 Antibois qui \u00e9taient engag\u00e9s sur la comp\u00e9tition. Chez les d\u00e9butants, Tiphaine Reis &hellip; <a href=\"http:\/\/arc-antibes.fr\/?p=2449\">Continuer la lecture <span class=\"meta-nav\">&rarr;<\/span><\/a><\/p>\n","protected":false},"author":1,"featured_media":0,"comment_status":"closed","ping_status":"closed","sticky":false,"template":"","format":"gallery","meta":{"ngg_post_thumbnail":0,"footnotes":""},"categories":[11],"tags":[],"class_list":["post-2449","post","type-post","status-publish","format-gallery","hentry","category-competition","post_format-post-format-gallery"],"_links":{"self":[{"href":"http:\/\/arc-antibes.fr\/index.php?rest_route=\/wp\/v2\/posts\/2449","targetHints":{"allow":["GET"]}}],"collection":[{"href":"http:\/\/arc-antibes.fr\/index.php?rest_route=\/wp\/v2\/posts"}],"about":[{"href":"http:\/\/arc-antibes.fr\/index.php?rest_route=\/wp\/v2\/types\/post"}],"author":[{"embeddable":true,"href":"http:\/\/arc-antibes.fr\/index.php?rest_route=\/wp\/v2\/users\/1"}],"replies":[{"embeddable":true,"href":"http:\/\/arc-antibes.fr\/index.php?rest_route=%2Fwp%2Fv2%2Fcomments&post=2449"}],"version-history":[{"count":21,"href":"http:\/\/arc-antibes.fr\/index.php?rest_route=\/wp\/v2\/posts\/2449\/revisions"}],"predecessor-version":[{"id":3015,"href":"http:\/\/arc-antibes.fr\/index.php?rest_route=\/wp\/v2\/posts\/2449\/revisions\/3015"}],"wp:attachment":[{"href":"http:\/\/arc-antibes.fr\/index.php?rest_route=%2Fwp%2Fv2%2Fmedia&parent=2449"}],"wp:term":[{"taxonomy":"category","embeddable":true,"href":"http:\/\/arc-antibes.fr\/index.php?rest_route=%2Fwp%2Fv2%2Fcategories&post=2449"},{"taxonomy":"post_tag","embeddable":true,"href":"http:\/\/arc-antibes.fr\/index.php?rest_route=%2Fwp%2Fv2%2Ftags&post=2449"}],"curies":[{"name":"wp","href":"https:\/\/api.w.org\/{rel}","templated":true}]}}