{"id":2666,"date":"2025-01-25T18:44:00","date_gmt":"2025-01-25T17:44:00","guid":{"rendered":"http:\/\/arc-antibes.fr\/?p=2666"},"modified":"2025-12-14T18:30:30","modified_gmt":"2025-12-14T17:30:30","slug":"tir-du-roy-2025","status":"publish","type":"post","link":"http:\/\/arc-antibes.fr\/?p=2666","title":{"rendered":"Tir du Roy 2025"},"content":{"rendered":"\n<div style=\"height:50px\" aria-hidden=\"true\" class=\"wp-block-spacer\"><\/div>\n\n\n\n<div class=\"wp-block-media-text\"><figure class=\"wp-block-media-text__media\"><img loading=\"lazy\" decoding=\"async\" width=\"587\" height=\"451\" src=\"http:\/\/arc-antibes.fr\/wp-content\/uploads\/2025\/12\/Tir_Du_Roy.jpg\" alt=\"\" class=\"wp-image-2667 size-full\" srcset=\"http:\/\/arc-antibes.fr\/wp-content\/uploads\/2025\/12\/Tir_Du_Roy.jpg 587w, http:\/\/arc-antibes.fr\/wp-content\/uploads\/2025\/12\/Tir_Du_Roy-300x230.jpg 300w\" sizes=\"auto, (max-width: 587px) 100vw, 587px\" \/><\/figure><div class=\"wp-block-media-text__content\">\n<p>Ce samedi 25 janvier 2025, les membres de la Compagnie se sont regroup\u00e9s pour le Tir du Roy. Ce moment festif a couronn\u00e9 M\u00e9lanie Bertrand et Robert Boyer, reine et roi de l\u2019ann\u00e9e. Chez les jeunes, c\u2019est Emy Destandau qui a \u00e9t\u00e9 couronn\u00e9e&nbsp;!<\/p>\n<\/div><\/div>\n\n\n\n<div class=\"wp-block-media-text\"><figure class=\"wp-block-media-text__media\"><img loading=\"lazy\" decoding=\"async\" width=\"583\" height=\"329\" src=\"http:\/\/arc-antibes.fr\/wp-content\/uploads\/2025\/12\/Tir_Du_Roy_2025.jpg\" alt=\"\" class=\"wp-image-2668 size-full\" srcset=\"http:\/\/arc-antibes.fr\/wp-content\/uploads\/2025\/12\/Tir_Du_Roy_2025.jpg 583w, http:\/\/arc-antibes.fr\/wp-content\/uploads\/2025\/12\/Tir_Du_Roy_2025-300x169.jpg 300w\" sizes=\"auto, (max-width: 583px) 100vw, 583px\" \/><\/figure><div class=\"wp-block-media-text__content\">\n<p>L\u2019apr\u00e8s-midi s\u2019est conclu par un moment convivial autour des galettes des rois&nbsp;! <\/p>\n<\/div><\/div>\n\n\n\n<div style=\"height:50px\" aria-hidden=\"true\" class=\"wp-block-spacer\"><\/div>\n\n\n\n<hr class=\"wp-block-separator has-alpha-channel-opacity\"\/>\n","protected":false},"excerpt":{"rendered":"<p>Ce samedi 25 janvier 2025, les membres de la Compagnie se sont regroup\u00e9s pour le Tir du Roy. Ce moment festif a couronn\u00e9 M\u00e9lanie Bertrand et Robert Boyer, reine et roi de l\u2019ann\u00e9e. Chez les jeunes, c\u2019est Emy Destandau qui &hellip; <a href=\"http:\/\/arc-antibes.fr\/?p=2666\">Continuer la lecture <span class=\"meta-nav\">&rarr;<\/span><\/a><\/p>\n","protected":false},"author":1,"featured_media":0,"comment_status":"closed","ping_status":"open","sticky":false,"template":"","format":"gallery","meta":{"ngg_post_thumbnail":0,"footnotes":""},"categories":[9],"tags":[],"class_list":["post-2666","post","type-post","status-publish","format-gallery","hentry","category-vie-du-club","post_format-post-format-gallery"],"_links":{"self":[{"href":"http:\/\/arc-antibes.fr\/index.php?rest_route=\/wp\/v2\/posts\/2666","targetHints":{"allow":["GET"]}}],"collection":[{"href":"http:\/\/arc-antibes.fr\/index.php?rest_route=\/wp\/v2\/posts"}],"about":[{"href":"http:\/\/arc-antibes.fr\/index.php?rest_route=\/wp\/v2\/types\/post"}],"author":[{"embeddable":true,"href":"http:\/\/arc-antibes.fr\/index.php?rest_route=\/wp\/v2\/users\/1"}],"replies":[{"embeddable":true,"href":"http:\/\/arc-antibes.fr\/index.php?rest_route=%2Fwp%2Fv2%2Fcomments&post=2666"}],"version-history":[{"count":4,"href":"http:\/\/arc-antibes.fr\/index.php?rest_route=\/wp\/v2\/posts\/2666\/revisions"}],"predecessor-version":[{"id":3019,"href":"http:\/\/arc-antibes.fr\/index.php?rest_route=\/wp\/v2\/posts\/2666\/revisions\/3019"}],"wp:attachment":[{"href":"http:\/\/arc-antibes.fr\/index.php?rest_route=%2Fwp%2Fv2%2Fmedia&parent=2666"}],"wp:term":[{"taxonomy":"category","embeddable":true,"href":"http:\/\/arc-antibes.fr\/index.php?rest_route=%2Fwp%2Fv2%2Fcategories&post=2666"},{"taxonomy":"post_tag","embeddable":true,"href":"http:\/\/arc-antibes.fr\/index.php?rest_route=%2Fwp%2Fv2%2Ftags&post=2666"}],"curies":[{"name":"wp","href":"https:\/\/api.w.org\/{rel}","templated":true}]}}