{"id":2670,"date":"2025-07-05T19:00:03","date_gmt":"2025-07-05T17:00:03","guid":{"rendered":"http:\/\/arc-antibes.fr\/?p=2670"},"modified":"2025-12-14T18:29:28","modified_gmt":"2025-12-14T17:29:28","slug":"2670","status":"publish","type":"post","link":"http:\/\/arc-antibes.fr\/?p=2670","title":{"rendered":"Tir nocturne 2025"},"content":{"rendered":"\n<div style=\"height:50px\" aria-hidden=\"true\" class=\"wp-block-spacer\"><\/div>\n\n\n\n<div class=\"wp-block-media-text\"><figure class=\"wp-block-media-text__media\"><img loading=\"lazy\" decoding=\"async\" width=\"489\" height=\"328\" src=\"http:\/\/arc-antibes.fr\/wp-content\/uploads\/2025\/12\/Nocture.2.jpg\" alt=\"\" class=\"wp-image-2671 size-full\" srcset=\"http:\/\/arc-antibes.fr\/wp-content\/uploads\/2025\/12\/Nocture.2.jpg 489w, http:\/\/arc-antibes.fr\/wp-content\/uploads\/2025\/12\/Nocture.2-300x201.jpg 300w\" sizes=\"auto, (max-width: 489px) 100vw, 489px\" \/><\/figure><div class=\"wp-block-media-text__content\">\n<p>La saison s\u2019est achev\u00e9e comme de tradition par le Tir nocturne, organis\u00e9 sur notre terrain le samedi 05 juillet au soir.<\/p>\n<\/div><\/div>\n\n\n\n<div class=\"wp-block-media-text\"><figure class=\"wp-block-media-text__media\"><img loading=\"lazy\" decoding=\"async\" width=\"2560\" height=\"1707\" src=\"http:\/\/arc-antibes.fr\/wp-content\/uploads\/2025\/07\/DSC_0565-scaled.jpg\" alt=\"\" class=\"wp-image-1378 size-full\" srcset=\"http:\/\/arc-antibes.fr\/wp-content\/uploads\/2025\/07\/DSC_0565-scaled.jpg 2560w, http:\/\/arc-antibes.fr\/wp-content\/uploads\/2025\/07\/DSC_0565-300x200.jpg 300w\" sizes=\"auto, (max-width: 2560px) 100vw, 2560px\" \/><\/figure><div class=\"wp-block-media-text__content\">\n<p>En pr\u00e9ambule \u00e0 cette comp\u00e9tition, les 63 participants se sont r\u00e9unis pour un moment convivial, autour d\u2019une grande tabl\u00e9e, avant de d\u00e9buter le tir \u00e0 21H00.<\/p>\n\n\n\n<p>Beaucoup de plaisir et une franche r\u00e9ussite pour une soir\u00e9e sous le signe de la bonne humeur.<\/p>\n<\/div><\/div>\n\n\n\n<div style=\"height:50px\" aria-hidden=\"true\" class=\"wp-block-spacer\"><\/div>\n\n\n\n<hr class=\"wp-block-separator has-alpha-channel-opacity\"\/>\n","protected":false},"excerpt":{"rendered":"<p>La saison s\u2019est achev\u00e9e comme de tradition par le Tir nocturne, organis\u00e9 sur notre terrain le samedi 05 juillet au soir. En pr\u00e9ambule \u00e0 cette comp\u00e9tition, les 63 participants se sont r\u00e9unis pour un moment convivial, autour d\u2019une grande tabl\u00e9e, &hellip; <a href=\"http:\/\/arc-antibes.fr\/?p=2670\">Continuer la lecture <span class=\"meta-nav\">&rarr;<\/span><\/a><\/p>\n","protected":false},"author":1,"featured_media":0,"comment_status":"closed","ping_status":"open","sticky":false,"template":"","format":"gallery","meta":{"ngg_post_thumbnail":0,"footnotes":""},"categories":[11],"tags":[],"class_list":["post-2670","post","type-post","status-publish","format-gallery","hentry","category-competition","post_format-post-format-gallery"],"_links":{"self":[{"href":"http:\/\/arc-antibes.fr\/index.php?rest_route=\/wp\/v2\/posts\/2670","targetHints":{"allow":["GET"]}}],"collection":[{"href":"http:\/\/arc-antibes.fr\/index.php?rest_route=\/wp\/v2\/posts"}],"about":[{"href":"http:\/\/arc-antibes.fr\/index.php?rest_route=\/wp\/v2\/types\/post"}],"author":[{"embeddable":true,"href":"http:\/\/arc-antibes.fr\/index.php?rest_route=\/wp\/v2\/users\/1"}],"replies":[{"embeddable":true,"href":"http:\/\/arc-antibes.fr\/index.php?rest_route=%2Fwp%2Fv2%2Fcomments&post=2670"}],"version-history":[{"count":5,"href":"http:\/\/arc-antibes.fr\/index.php?rest_route=\/wp\/v2\/posts\/2670\/revisions"}],"predecessor-version":[{"id":3017,"href":"http:\/\/arc-antibes.fr\/index.php?rest_route=\/wp\/v2\/posts\/2670\/revisions\/3017"}],"wp:attachment":[{"href":"http:\/\/arc-antibes.fr\/index.php?rest_route=%2Fwp%2Fv2%2Fmedia&parent=2670"}],"wp:term":[{"taxonomy":"category","embeddable":true,"href":"http:\/\/arc-antibes.fr\/index.php?rest_route=%2Fwp%2Fv2%2Fcategories&post=2670"},{"taxonomy":"post_tag","embeddable":true,"href":"http:\/\/arc-antibes.fr\/index.php?rest_route=%2Fwp%2Fv2%2Ftags&post=2670"}],"curies":[{"name":"wp","href":"https:\/\/api.w.org\/{rel}","templated":true}]}}