{"id":2674,"date":"2025-01-19T19:10:09","date_gmt":"2025-01-19T18:10:09","guid":{"rendered":"http:\/\/arc-antibes.fr\/?p=2674"},"modified":"2025-12-14T18:30:45","modified_gmt":"2025-12-14T17:30:45","slug":"tournoi-international-de-nimes-2025","status":"publish","type":"post","link":"http:\/\/arc-antibes.fr\/?p=2674","title":{"rendered":"Tournoi international de N\u00eemes 2025"},"content":{"rendered":"\n<div style=\"height:50px\" aria-hidden=\"true\" class=\"wp-block-spacer\"><\/div>\n\n\n\n<div class=\"wp-block-media-text\"><figure class=\"wp-block-media-text__media\"><img loading=\"lazy\" decoding=\"async\" width=\"506\" height=\"843\" src=\"http:\/\/arc-antibes.fr\/wp-content\/uploads\/2025\/12\/Nimes_2025.jpg\" alt=\"\" class=\"wp-image-2675 size-full\" srcset=\"http:\/\/arc-antibes.fr\/wp-content\/uploads\/2025\/12\/Nimes_2025.jpg 506w, http:\/\/arc-antibes.fr\/wp-content\/uploads\/2025\/12\/Nimes_2025-180x300.jpg 180w\" sizes=\"auto, (max-width: 506px) 100vw, 506px\" \/><\/figure><div class=\"wp-block-media-text__content\">\n<p>Alignant le plus important pas de tir du monde (1.200 archers, 50 nationalit\u00e9s), le tournoi de N\u00eemes est la 4<sup>\u00e8me<\/sup> manche des <em>Indoor World Series<\/em> (coupe du monde de tir \u00e0 l\u2019arc). <\/p>\n\n\n\n<p>Les couleurs d\u2019Antibes y \u00e9taient repr\u00e9sent\u00e9es, avec Victor Fuselier, Elora Jermann, Xavier Fouassier, Jean-Olivier Lesage et Thierry Ribero.<\/p>\n\n\n\n<p>Belle performance de Victor, qui s\u2019incline aux portes des 1\/4 de finale, sur fl\u00e8che de barrage, pour 2 mm. Il finit donc 9<sup>\u00e8me<\/sup> meilleur jeune&nbsp;! <\/p>\n\n\n\n<p>En prime, nos archers ont pu rencontrer l\u2019Am\u00e9ricain Brady Ellison, multi-m\u00e9daill\u00e9 aux Jeux olympiques et championnats du monde&nbsp;!<\/p>\n<\/div><\/div>\n\n\n\n<div style=\"height:50px\" aria-hidden=\"true\" class=\"wp-block-spacer\"><\/div>\n\n\n\n<hr class=\"wp-block-separator has-alpha-channel-opacity\"\/>\n","protected":false},"excerpt":{"rendered":"<p>Alignant le plus important pas de tir du monde (1.200 archers, 50 nationalit\u00e9s), le tournoi de N\u00eemes est la 4\u00e8me manche des Indoor World Series (coupe du monde de tir \u00e0 l\u2019arc). Les couleurs d\u2019Antibes y \u00e9taient repr\u00e9sent\u00e9es, avec Victor &hellip; <a href=\"http:\/\/arc-antibes.fr\/?p=2674\">Continuer la lecture <span class=\"meta-nav\">&rarr;<\/span><\/a><\/p>\n","protected":false},"author":1,"featured_media":0,"comment_status":"closed","ping_status":"open","sticky":false,"template":"","format":"gallery","meta":{"ngg_post_thumbnail":0,"footnotes":""},"categories":[11],"tags":[],"class_list":["post-2674","post","type-post","status-publish","format-gallery","hentry","category-competition","post_format-post-format-gallery"],"_links":{"self":[{"href":"http:\/\/arc-antibes.fr\/index.php?rest_route=\/wp\/v2\/posts\/2674","targetHints":{"allow":["GET"]}}],"collection":[{"href":"http:\/\/arc-antibes.fr\/index.php?rest_route=\/wp\/v2\/posts"}],"about":[{"href":"http:\/\/arc-antibes.fr\/index.php?rest_route=\/wp\/v2\/types\/post"}],"author":[{"embeddable":true,"href":"http:\/\/arc-antibes.fr\/index.php?rest_route=\/wp\/v2\/users\/1"}],"replies":[{"embeddable":true,"href":"http:\/\/arc-antibes.fr\/index.php?rest_route=%2Fwp%2Fv2%2Fcomments&post=2674"}],"version-history":[{"count":6,"href":"http:\/\/arc-antibes.fr\/index.php?rest_route=\/wp\/v2\/posts\/2674\/revisions"}],"predecessor-version":[{"id":3020,"href":"http:\/\/arc-antibes.fr\/index.php?rest_route=\/wp\/v2\/posts\/2674\/revisions\/3020"}],"wp:attachment":[{"href":"http:\/\/arc-antibes.fr\/index.php?rest_route=%2Fwp%2Fv2%2Fmedia&parent=2674"}],"wp:term":[{"taxonomy":"category","embeddable":true,"href":"http:\/\/arc-antibes.fr\/index.php?rest_route=%2Fwp%2Fv2%2Fcategories&post=2674"},{"taxonomy":"post_tag","embeddable":true,"href":"http:\/\/arc-antibes.fr\/index.php?rest_route=%2Fwp%2Fv2%2Ftags&post=2674"}],"curies":[{"name":"wp","href":"https:\/\/api.w.org\/{rel}","templated":true}]}}