{"id":2686,"date":"2025-06-14T19:24:27","date_gmt":"2025-06-14T17:24:27","guid":{"rendered":"http:\/\/arc-antibes.fr\/?p=2686"},"modified":"2025-12-10T19:49:21","modified_gmt":"2025-12-10T18:49:21","slug":"fete-de-lecole-de-tir-2025","status":"publish","type":"post","link":"http:\/\/arc-antibes.fr\/?p=2686","title":{"rendered":"F\u00eate de l&rsquo;Ecole de tir 2025"},"content":{"rendered":"\n<div style=\"height:50px\" aria-hidden=\"true\" class=\"wp-block-spacer\"><\/div>\n\n\n\n<p>Le samedi 14 juin s\u2019est d\u00e9roul\u00e9e la f\u00eate de l\u2019Ecole de tir \u00e0 l\u2019arc avec des jeux de tir et la remise annuelle des Pass\u2019Arcs et des fl\u00e8ches.<\/p>\n\n\n\n<figure class=\"wp-block-image size-large\"><img loading=\"lazy\" decoding=\"async\" width=\"1024\" height=\"384\" src=\"http:\/\/arc-antibes.fr\/wp-content\/uploads\/2025\/12\/Fete_Ecole_Tir_2025-1024x384.jpg\" alt=\"\" class=\"wp-image-2687\" srcset=\"http:\/\/arc-antibes.fr\/wp-content\/uploads\/2025\/12\/Fete_Ecole_Tir_2025-1024x384.jpg 1024w, http:\/\/arc-antibes.fr\/wp-content\/uploads\/2025\/12\/Fete_Ecole_Tir_2025-300x113.jpg 300w, http:\/\/arc-antibes.fr\/wp-content\/uploads\/2025\/12\/Fete_Ecole_Tir_2025-768x288.jpg 768w, http:\/\/arc-antibes.fr\/wp-content\/uploads\/2025\/12\/Fete_Ecole_Tir_2025-1536x576.jpg 1536w, http:\/\/arc-antibes.fr\/wp-content\/uploads\/2025\/12\/Fete_Ecole_Tir_2025.jpg 1576w\" sizes=\"auto, (max-width: 1024px) 100vw, 1024px\" \/><\/figure>\n\n\n\n<div style=\"height:50px\" aria-hidden=\"true\" class=\"wp-block-spacer\"><\/div>\n\n\n\n<hr class=\"wp-block-separator has-alpha-channel-opacity\"\/>\n","protected":false},"excerpt":{"rendered":"<p>Le samedi 14 juin s\u2019est d\u00e9roul\u00e9e la f\u00eate de l\u2019Ecole de tir \u00e0 l\u2019arc avec des jeux de tir et la remise annuelle des Pass\u2019Arcs et des fl\u00e8ches.<\/p>\n","protected":false},"author":1,"featured_media":0,"comment_status":"closed","ping_status":"open","sticky":false,"template":"","format":"gallery","meta":{"ngg_post_thumbnail":0,"footnotes":""},"categories":[9],"tags":[],"class_list":["post-2686","post","type-post","status-publish","format-gallery","hentry","category-vie-du-club","post_format-post-format-gallery"],"_links":{"self":[{"href":"http:\/\/arc-antibes.fr\/index.php?rest_route=\/wp\/v2\/posts\/2686","targetHints":{"allow":["GET"]}}],"collection":[{"href":"http:\/\/arc-antibes.fr\/index.php?rest_route=\/wp\/v2\/posts"}],"about":[{"href":"http:\/\/arc-antibes.fr\/index.php?rest_route=\/wp\/v2\/types\/post"}],"author":[{"embeddable":true,"href":"http:\/\/arc-antibes.fr\/index.php?rest_route=\/wp\/v2\/users\/1"}],"replies":[{"embeddable":true,"href":"http:\/\/arc-antibes.fr\/index.php?rest_route=%2Fwp%2Fv2%2Fcomments&post=2686"}],"version-history":[{"count":2,"href":"http:\/\/arc-antibes.fr\/index.php?rest_route=\/wp\/v2\/posts\/2686\/revisions"}],"predecessor-version":[{"id":2701,"href":"http:\/\/arc-antibes.fr\/index.php?rest_route=\/wp\/v2\/posts\/2686\/revisions\/2701"}],"wp:attachment":[{"href":"http:\/\/arc-antibes.fr\/index.php?rest_route=%2Fwp%2Fv2%2Fmedia&parent=2686"}],"wp:term":[{"taxonomy":"category","embeddable":true,"href":"http:\/\/arc-antibes.fr\/index.php?rest_route=%2Fwp%2Fv2%2Fcategories&post=2686"},{"taxonomy":"post_tag","embeddable":true,"href":"http:\/\/arc-antibes.fr\/index.php?rest_route=%2Fwp%2Fv2%2Ftags&post=2686"}],"curies":[{"name":"wp","href":"https:\/\/api.w.org\/{rel}","templated":true}]}}