{"id":2691,"date":"2025-06-01T19:52:38","date_gmt":"2025-06-01T17:52:38","guid":{"rendered":"http:\/\/arc-antibes.fr\/?p=2691"},"modified":"2025-12-14T18:30:04","modified_gmt":"2025-12-14T17:30:04","slug":"challenge-denape-2025","status":"publish","type":"post","link":"http:\/\/arc-antibes.fr\/?p=2691","title":{"rendered":"Challenge Denape 2025"},"content":{"rendered":"\n<div style=\"height:50px\" aria-hidden=\"true\" class=\"wp-block-spacer\"><\/div>\n\n\n\n<div class=\"wp-block-media-text is-vertically-aligned-center\"><figure class=\"wp-block-media-text__media\"><img loading=\"lazy\" decoding=\"async\" width=\"742\" height=\"677\" src=\"http:\/\/arc-antibes.fr\/wp-content\/uploads\/2025\/12\/Capture-decran-2025-12-01-195134.jpg\" alt=\"\" class=\"wp-image-2696 size-full\" srcset=\"http:\/\/arc-antibes.fr\/wp-content\/uploads\/2025\/12\/Capture-decran-2025-12-01-195134.jpg 742w, http:\/\/arc-antibes.fr\/wp-content\/uploads\/2025\/12\/Capture-decran-2025-12-01-195134-300x274.jpg 300w\" sizes=\"auto, (max-width: 742px) 100vw, 742px\" \/><\/figure><div class=\"wp-block-media-text__content\">\n<p>La Compagnie accueillait 150 comp\u00e9titeurs pour le Tir Denape TAEI et TAEN, les samedi 31 mai et dimanche 01<sup>er<\/sup> juin.<\/p>\n\n\n\n<p>Les b\u00e9n\u00e9voles ont fait des prouesses lors de la pr\u00e9paration du terrain, de l\u2019organisation de la buvette, de la mise en place des diff\u00e9rents d\u00e9parts, de l\u2019enregistrement du greffe, faisant de cette comp\u00e9tition une r\u00e9ussite. Un immense merci \u00e0 eux pour le temps consacr\u00e9 ainsi que leur d\u00e9vouement.<\/p>\n<\/div><\/div>\n\n\n\n<p>Les r\u00e9sultats de ce Challenge Denape\u2026<\/p>\n\n\n\n<div class=\"wp-block-media-text has-media-on-the-right is-vertically-aligned-center\"><div class=\"wp-block-media-text__content\">\n<p>En TAEI&nbsp;:<\/p>\n\n\n\n<ul class=\"wp-block-list\">\n<li>1<sup>\u00e8re<\/sup> place pour Baptiste Bellot (U18), Jean-Louis Perroux (S3CO).<\/li>\n\n\n\n<li>2<sup>\u00e8me<\/sup> place pour Nora D\u00e9siry (S1) et Xavier Fouassier (S1).<\/li>\n<\/ul>\n\n\n\n<p>En TAEN&nbsp;:&nbsp;&nbsp;&nbsp;&nbsp;&nbsp;&nbsp;&nbsp;&nbsp;&nbsp;&nbsp;&nbsp;&nbsp;&nbsp;&nbsp;&nbsp;&nbsp;&nbsp;&nbsp;&nbsp;&nbsp;&nbsp;&nbsp;&nbsp;&nbsp;&nbsp;<\/p>\n\n\n\n<ul class=\"wp-block-list\">\n<li>1<sup>\u00e8me<\/sup> place pour Jean-Louis Perroux (S3CO).<\/li>\n\n\n\n<li>2<sup>\u00e8me<\/sup> place pour Adrien Jean (S1) et Monique Galitsch (S3CO).<\/li>\n\n\n\n<li>3<sup>\u00e8me<\/sup> place pour Eric Mebarki (S3).<\/li>\n<\/ul>\n<\/div><figure class=\"wp-block-media-text__media\"><img loading=\"lazy\" decoding=\"async\" width=\"741\" height=\"725\" src=\"http:\/\/arc-antibes.fr\/wp-content\/uploads\/2025\/12\/Capture-decran-2025-12-01-195031.jpg\" alt=\"\" class=\"wp-image-2695 size-full\" srcset=\"http:\/\/arc-antibes.fr\/wp-content\/uploads\/2025\/12\/Capture-decran-2025-12-01-195031.jpg 741w, http:\/\/arc-antibes.fr\/wp-content\/uploads\/2025\/12\/Capture-decran-2025-12-01-195031-300x294.jpg 300w\" sizes=\"auto, (max-width: 741px) 100vw, 741px\" \/><\/figure><\/div>\n\n\n\n<div style=\"height:50px\" aria-hidden=\"true\" class=\"wp-block-spacer\"><\/div>\n\n\n\n<hr class=\"wp-block-separator has-alpha-channel-opacity\"\/>\n","protected":false},"excerpt":{"rendered":"<p>La Compagnie accueillait 150 comp\u00e9titeurs pour le Tir Denape TAEI et TAEN, les samedi 31 mai et dimanche 01er juin. Les b\u00e9n\u00e9voles ont fait des prouesses lors de la pr\u00e9paration du terrain, de l\u2019organisation de la buvette, de la mise &hellip; <a href=\"http:\/\/arc-antibes.fr\/?p=2691\">Continuer la lecture <span class=\"meta-nav\">&rarr;<\/span><\/a><\/p>\n","protected":false},"author":1,"featured_media":0,"comment_status":"closed","ping_status":"open","sticky":false,"template":"","format":"gallery","meta":{"ngg_post_thumbnail":0,"footnotes":""},"categories":[11],"tags":[],"class_list":["post-2691","post","type-post","status-publish","format-gallery","hentry","category-competition","post_format-post-format-gallery"],"_links":{"self":[{"href":"http:\/\/arc-antibes.fr\/index.php?rest_route=\/wp\/v2\/posts\/2691","targetHints":{"allow":["GET"]}}],"collection":[{"href":"http:\/\/arc-antibes.fr\/index.php?rest_route=\/wp\/v2\/posts"}],"about":[{"href":"http:\/\/arc-antibes.fr\/index.php?rest_route=\/wp\/v2\/types\/post"}],"author":[{"embeddable":true,"href":"http:\/\/arc-antibes.fr\/index.php?rest_route=\/wp\/v2\/users\/1"}],"replies":[{"embeddable":true,"href":"http:\/\/arc-antibes.fr\/index.php?rest_route=%2Fwp%2Fv2%2Fcomments&post=2691"}],"version-history":[{"count":9,"href":"http:\/\/arc-antibes.fr\/index.php?rest_route=\/wp\/v2\/posts\/2691\/revisions"}],"predecessor-version":[{"id":3018,"href":"http:\/\/arc-antibes.fr\/index.php?rest_route=\/wp\/v2\/posts\/2691\/revisions\/3018"}],"wp:attachment":[{"href":"http:\/\/arc-antibes.fr\/index.php?rest_route=%2Fwp%2Fv2%2Fmedia&parent=2691"}],"wp:term":[{"taxonomy":"category","embeddable":true,"href":"http:\/\/arc-antibes.fr\/index.php?rest_route=%2Fwp%2Fv2%2Fcategories&post=2691"},{"taxonomy":"post_tag","embeddable":true,"href":"http:\/\/arc-antibes.fr\/index.php?rest_route=%2Fwp%2Fv2%2Ftags&post=2691"}],"curies":[{"name":"wp","href":"https:\/\/api.w.org\/{rel}","templated":true}]}}