{"id":3404,"date":"2026-02-07T20:50:16","date_gmt":"2026-02-07T19:50:16","guid":{"rendered":"http:\/\/arc-antibes.fr\/?p=3404"},"modified":"2026-03-05T23:09:31","modified_gmt":"2026-03-05T22:09:31","slug":"saint-sebastien-2026","status":"publish","type":"post","link":"http:\/\/arc-antibes.fr\/?p=3404","title":{"rendered":"Saint S\u00e9bastien 2026"},"content":{"rendered":"\n<div style=\"height:50px\" aria-hidden=\"true\" class=\"wp-block-spacer\"><\/div>\n\n\n\n<p>Le tir de la Saint S\u00e9bastien s\u2019est d\u00e9roul\u00e9 le samedi 07 f\u00e9vrier apr\u00e8s-midi. Une cinquantaine d\u2019archers ont brav\u00e9 la pluie, \u00e0 des distances allant de 10 m. \u00e0 50 m.<\/p>\n\n\n\n<figure class=\"wp-block-image size-large\"><img loading=\"lazy\" decoding=\"async\" width=\"1024\" height=\"470\" src=\"http:\/\/arc-antibes.fr\/wp-content\/uploads\/2026\/02\/Saint_Sebastien_2026-1024x470.jpg\" alt=\"\" class=\"wp-image-3406\" srcset=\"http:\/\/arc-antibes.fr\/wp-content\/uploads\/2026\/02\/Saint_Sebastien_2026-1024x470.jpg 1024w, http:\/\/arc-antibes.fr\/wp-content\/uploads\/2026\/02\/Saint_Sebastien_2026-300x138.jpg 300w, http:\/\/arc-antibes.fr\/wp-content\/uploads\/2026\/02\/Saint_Sebastien_2026-768x353.jpg 768w, http:\/\/arc-antibes.fr\/wp-content\/uploads\/2026\/02\/Saint_Sebastien_2026-1536x705.jpg 1536w, http:\/\/arc-antibes.fr\/wp-content\/uploads\/2026\/02\/Saint_Sebastien_2026.jpg 1588w\" sizes=\"auto, (max-width: 1024px) 100vw, 1024px\" \/><\/figure>\n\n\n\n<p>Un peu d\u2019Histoire\u2026 Tir traditionnel par excellence au sein d\u2019une Compagnie d\u2019Arc, le tir de la Saint S\u00e9bastien c\u00e9l\u00e8bre le patron des archers.<\/p>\n\n\n\n<p>Officier dans l&rsquo;arm\u00e9e de l\u2019empereur Diocl\u00e9cien au III<sup>e<\/sup> si\u00e8cle, S\u00e9bastien est arr\u00eat\u00e9 puis ex\u00e9cut\u00e9 pour son appartenance \u00e0 la religion chr\u00e9tienne et la d\u00e9fense des chr\u00e9tiens pers\u00e9cut\u00e9s au sein de l\u2019empire. Li\u00e9 nu \u00e0 un arbre, il servit de cible aux tirs de ses propres soldats, avant d\u2019\u00eatre tu\u00e9 par bastonnade.\u00a0S\u00e9bastien devient un saint martyr romain et aussi le troisi\u00e8me patron de la ville de Rome, avec Saint Pierre et Saint Paul.<\/p>\n\n\n\n<div style=\"height:50px\" aria-hidden=\"true\" class=\"wp-block-spacer\"><\/div>\n\n\n\n<hr class=\"wp-block-separator has-alpha-channel-opacity\"\/>\n","protected":false},"excerpt":{"rendered":"<p>Le tir de la Saint S\u00e9bastien s\u2019est d\u00e9roul\u00e9 le samedi 07 f\u00e9vrier apr\u00e8s-midi. Une cinquantaine d\u2019archers ont brav\u00e9 la pluie, \u00e0 des distances allant de 10 m. \u00e0 50 m. Un peu d\u2019Histoire\u2026 Tir traditionnel par excellence au sein d\u2019une &hellip; <a href=\"http:\/\/arc-antibes.fr\/?p=3404\">Continuer la lecture <span class=\"meta-nav\">&rarr;<\/span><\/a><\/p>\n","protected":false},"author":1,"featured_media":0,"comment_status":"closed","ping_status":"open","sticky":false,"template":"","format":"gallery","meta":{"ngg_post_thumbnail":0,"footnotes":""},"categories":[9],"tags":[],"class_list":["post-3404","post","type-post","status-publish","format-gallery","hentry","category-vie-du-club","post_format-post-format-gallery"],"_links":{"self":[{"href":"http:\/\/arc-antibes.fr\/index.php?rest_route=\/wp\/v2\/posts\/3404","targetHints":{"allow":["GET"]}}],"collection":[{"href":"http:\/\/arc-antibes.fr\/index.php?rest_route=\/wp\/v2\/posts"}],"about":[{"href":"http:\/\/arc-antibes.fr\/index.php?rest_route=\/wp\/v2\/types\/post"}],"author":[{"embeddable":true,"href":"http:\/\/arc-antibes.fr\/index.php?rest_route=\/wp\/v2\/users\/1"}],"replies":[{"embeddable":true,"href":"http:\/\/arc-antibes.fr\/index.php?rest_route=%2Fwp%2Fv2%2Fcomments&post=3404"}],"version-history":[{"count":6,"href":"http:\/\/arc-antibes.fr\/index.php?rest_route=\/wp\/v2\/posts\/3404\/revisions"}],"predecessor-version":[{"id":3452,"href":"http:\/\/arc-antibes.fr\/index.php?rest_route=\/wp\/v2\/posts\/3404\/revisions\/3452"}],"wp:attachment":[{"href":"http:\/\/arc-antibes.fr\/index.php?rest_route=%2Fwp%2Fv2%2Fmedia&parent=3404"}],"wp:term":[{"taxonomy":"category","embeddable":true,"href":"http:\/\/arc-antibes.fr\/index.php?rest_route=%2Fwp%2Fv2%2Fcategories&post=3404"},{"taxonomy":"post_tag","embeddable":true,"href":"http:\/\/arc-antibes.fr\/index.php?rest_route=%2Fwp%2Fv2%2Ftags&post=3404"}],"curies":[{"name":"wp","href":"https:\/\/api.w.org\/{rel}","templated":true}]}}