{"id":3412,"date":"2026-01-18T20:59:29","date_gmt":"2026-01-18T19:59:29","guid":{"rendered":"http:\/\/arc-antibes.fr\/?p=3412"},"modified":"2026-02-25T21:55:43","modified_gmt":"2026-02-25T20:55:43","slug":"tournoi-de-nimes-2026","status":"publish","type":"post","link":"http:\/\/arc-antibes.fr\/?p=3412","title":{"rendered":"Tournoi international de N\u00eemes 2026"},"content":{"rendered":"\n<div style=\"height:50px\" aria-hidden=\"true\" class=\"wp-block-spacer\"><\/div>\n\n\n\n<p>Sept Antibois \u00e9taient pr\u00e9sents au d\u00e9part de la 28<sup>e<\/sup> \u00e9dition du Tournoi international en salle de N\u00eemes.<\/p>\n\n\n\n<div class=\"wp-block-group is-layout-grid wp-container-core-group-is-layout-9649a0d9 wp-block-group-is-layout-grid\">\n<figure class=\"wp-block-image size-large\"><img loading=\"lazy\" decoding=\"async\" width=\"768\" height=\"1024\" src=\"http:\/\/arc-antibes.fr\/wp-content\/uploads\/2026\/01\/IMG-20260116-WA0004-768x1024.jpg\" alt=\"\" class=\"wp-image-3415\" srcset=\"http:\/\/arc-antibes.fr\/wp-content\/uploads\/2026\/01\/IMG-20260116-WA0004-768x1024.jpg 768w, http:\/\/arc-antibes.fr\/wp-content\/uploads\/2026\/01\/IMG-20260116-WA0004-225x300.jpg 225w, http:\/\/arc-antibes.fr\/wp-content\/uploads\/2026\/01\/IMG-20260116-WA0004-1152x1536.jpg 1152w, http:\/\/arc-antibes.fr\/wp-content\/uploads\/2026\/01\/IMG-20260116-WA0004.jpg 1200w\" sizes=\"auto, (max-width: 768px) 100vw, 768px\" \/><\/figure>\n\n\n\n<figure class=\"wp-block-image size-large\"><img loading=\"lazy\" decoding=\"async\" width=\"768\" height=\"1024\" src=\"http:\/\/arc-antibes.fr\/wp-content\/uploads\/2026\/01\/IMG-20260116-WA0001-768x1024.jpg\" alt=\"\" class=\"wp-image-3414\" srcset=\"http:\/\/arc-antibes.fr\/wp-content\/uploads\/2026\/01\/IMG-20260116-WA0001-768x1024.jpg 768w, http:\/\/arc-antibes.fr\/wp-content\/uploads\/2026\/01\/IMG-20260116-WA0001-225x300.jpg 225w, http:\/\/arc-antibes.fr\/wp-content\/uploads\/2026\/01\/IMG-20260116-WA0001-1152x1536.jpg 1152w, http:\/\/arc-antibes.fr\/wp-content\/uploads\/2026\/01\/IMG-20260116-WA0001.jpg 1536w\" sizes=\"auto, (max-width: 768px) 100vw, 768px\" \/><\/figure>\n\n\n\n<figure class=\"wp-block-image size-large wp-container-content-69bc4bdf\"><img loading=\"lazy\" decoding=\"async\" width=\"764\" height=\"1024\" src=\"http:\/\/arc-antibes.fr\/wp-content\/uploads\/2026\/01\/IMG-20260116-WA0002-3-764x1024.jpg\" alt=\"\" class=\"wp-image-3420\" srcset=\"http:\/\/arc-antibes.fr\/wp-content\/uploads\/2026\/01\/IMG-20260116-WA0002-3-764x1024.jpg 764w, http:\/\/arc-antibes.fr\/wp-content\/uploads\/2026\/01\/IMG-20260116-WA0002-3-224x300.jpg 224w, http:\/\/arc-antibes.fr\/wp-content\/uploads\/2026\/01\/IMG-20260116-WA0002-3-768x1029.jpg 768w, http:\/\/arc-antibes.fr\/wp-content\/uploads\/2026\/01\/IMG-20260116-WA0002-3.jpg 981w\" sizes=\"auto, (max-width: 764px) 100vw, 764px\" \/><\/figure>\n<\/div>\n\n\n\n<p>Cette comp\u00e9tition r\u00e9unissait 1.364 archers de 50 nationalit\u00e9s, lors de laquelle tireurs amateurs c\u00f4toient sur le pas de tir et dans les trav\u00e9es des stands les meilleurs archers mondiaux et olympiques.<\/p>\n\n\n\n<div class=\"wp-block-group is-layout-grid wp-container-core-group-is-layout-baef362d wp-block-group-is-layout-grid\">\n<figure class=\"wp-block-image size-large\"><img loading=\"lazy\" decoding=\"async\" width=\"1024\" height=\"768\" src=\"http:\/\/arc-antibes.fr\/wp-content\/uploads\/2026\/01\/IMG-20260116-WA0005-1024x768.jpg\" alt=\"\" class=\"wp-image-3421\" srcset=\"http:\/\/arc-antibes.fr\/wp-content\/uploads\/2026\/01\/IMG-20260116-WA0005-1024x768.jpg 1024w, http:\/\/arc-antibes.fr\/wp-content\/uploads\/2026\/01\/IMG-20260116-WA0005-300x225.jpg 300w, http:\/\/arc-antibes.fr\/wp-content\/uploads\/2026\/01\/IMG-20260116-WA0005-768x576.jpg 768w, http:\/\/arc-antibes.fr\/wp-content\/uploads\/2026\/01\/IMG-20260116-WA0005-1536x1152.jpg 1536w, http:\/\/arc-antibes.fr\/wp-content\/uploads\/2026\/01\/IMG-20260116-WA0005.jpg 1600w\" sizes=\"auto, (max-width: 1024px) 100vw, 1024px\" \/><\/figure>\n\n\n\n<figure class=\"wp-block-image size-large\"><img loading=\"lazy\" decoding=\"async\" width=\"1024\" height=\"768\" src=\"http:\/\/arc-antibes.fr\/wp-content\/uploads\/2026\/01\/IMG-20260118-WA0015-1024x768.jpg\" alt=\"\" class=\"wp-image-3422\" srcset=\"http:\/\/arc-antibes.fr\/wp-content\/uploads\/2026\/01\/IMG-20260118-WA0015-1024x768.jpg 1024w, http:\/\/arc-antibes.fr\/wp-content\/uploads\/2026\/01\/IMG-20260118-WA0015-300x225.jpg 300w, http:\/\/arc-antibes.fr\/wp-content\/uploads\/2026\/01\/IMG-20260118-WA0015-768x576.jpg 768w, http:\/\/arc-antibes.fr\/wp-content\/uploads\/2026\/01\/IMG-20260118-WA0015-1536x1152.jpg 1536w, http:\/\/arc-antibes.fr\/wp-content\/uploads\/2026\/01\/IMG-20260118-WA0015.jpg 1600w\" sizes=\"auto, (max-width: 1024px) 100vw, 1024px\" \/><\/figure>\n<\/div>\n\n\n\n<p>Une tr\u00e8s belle exp\u00e9rience pour nos archers et pour les accompagnants. A noter les tr\u00e8s beaux tirs de Xavier Fouassier, Adrien Jean et Jean-Louis Perroux.<\/p>\n\n\n\n<div style=\"height:50px\" aria-hidden=\"true\" class=\"wp-block-spacer\"><\/div>\n\n\n\n<hr class=\"wp-block-separator has-alpha-channel-opacity\"\/>\n","protected":false},"excerpt":{"rendered":"<p>Sept Antibois \u00e9taient pr\u00e9sents au d\u00e9part de la 28e \u00e9dition du Tournoi international en salle de N\u00eemes. Cette comp\u00e9tition r\u00e9unissait 1.364 archers de 50 nationalit\u00e9s, lors de laquelle tireurs amateurs c\u00f4toient sur le pas de tir et dans les trav\u00e9es &hellip; <a href=\"http:\/\/arc-antibes.fr\/?p=3412\">Continuer la lecture <span class=\"meta-nav\">&rarr;<\/span><\/a><\/p>\n","protected":false},"author":1,"featured_media":0,"comment_status":"closed","ping_status":"open","sticky":false,"template":"","format":"gallery","meta":{"ngg_post_thumbnail":0,"footnotes":""},"categories":[11],"tags":[],"class_list":["post-3412","post","type-post","status-publish","format-gallery","hentry","category-competition","post_format-post-format-gallery"],"_links":{"self":[{"href":"http:\/\/arc-antibes.fr\/index.php?rest_route=\/wp\/v2\/posts\/3412","targetHints":{"allow":["GET"]}}],"collection":[{"href":"http:\/\/arc-antibes.fr\/index.php?rest_route=\/wp\/v2\/posts"}],"about":[{"href":"http:\/\/arc-antibes.fr\/index.php?rest_route=\/wp\/v2\/types\/post"}],"author":[{"embeddable":true,"href":"http:\/\/arc-antibes.fr\/index.php?rest_route=\/wp\/v2\/users\/1"}],"replies":[{"embeddable":true,"href":"http:\/\/arc-antibes.fr\/index.php?rest_route=%2Fwp%2Fv2%2Fcomments&post=3412"}],"version-history":[{"count":4,"href":"http:\/\/arc-antibes.fr\/index.php?rest_route=\/wp\/v2\/posts\/3412\/revisions"}],"predecessor-version":[{"id":3440,"href":"http:\/\/arc-antibes.fr\/index.php?rest_route=\/wp\/v2\/posts\/3412\/revisions\/3440"}],"wp:attachment":[{"href":"http:\/\/arc-antibes.fr\/index.php?rest_route=%2Fwp%2Fv2%2Fmedia&parent=3412"}],"wp:term":[{"taxonomy":"category","embeddable":true,"href":"http:\/\/arc-antibes.fr\/index.php?rest_route=%2Fwp%2Fv2%2Fcategories&post=3412"},{"taxonomy":"post_tag","embeddable":true,"href":"http:\/\/arc-antibes.fr\/index.php?rest_route=%2Fwp%2Fv2%2Ftags&post=3412"}],"curies":[{"name":"wp","href":"https:\/\/api.w.org\/{rel}","templated":true}]}}