{"id":3530,"date":"2026-04-05T20:30:54","date_gmt":"2026-04-05T18:30:54","guid":{"rendered":"http:\/\/arc-antibes.fr\/?p=3530"},"modified":"2026-04-20T10:31:32","modified_gmt":"2026-04-20T08:31:32","slug":"premier-tae-de-la-saison","status":"publish","type":"post","link":"http:\/\/arc-antibes.fr\/?p=3530","title":{"rendered":"Premier TAE de la saison"},"content":{"rendered":"\n<div style=\"height:50px\" aria-hidden=\"true\" class=\"wp-block-spacer\"><\/div>\n\n\n\n<p>La premi\u00e8re comp\u00e9tition ext\u00e9rieure pour nos Antibois s\u2019est d\u00e9roul\u00e9e \u00e0 Mouans-Sartoux ce week-end des 04 et 05 avril 2026.<\/p>\n\n\n\n<p>Cinq archers antibois \u00e9taient engag\u00e9s.<\/p>\n\n\n\n<div class=\"wp-block-media-text has-media-on-the-right is-stacked-on-mobile\"><div class=\"wp-block-media-text__content\">\n<ul class=\"wp-block-list\">\n<li>Victor (U18) et Pierrick Fuselier (S3), ainsi que Jean-Louis Perroux (S3) en TAEI.<\/li>\n\n\n\n<li>Eric M\u00e9barki (S3) et Laurent Lo-Cicero (S2) en TAEN.<\/li>\n<\/ul>\n\n\n\n<p>Belles 3<sup>\u00e8mes<\/sup> places pour Pierrick et Jean-Louis en International.<\/p>\n\n\n\n<p>Laurent s\u2019empare de la 1<sup>\u00e8re<\/sup> place en National.<\/p>\n\n\n\n<p>Bravo \u00e0 eux.<\/p>\n<\/div><figure class=\"wp-block-media-text__media\"><img loading=\"lazy\" decoding=\"async\" width=\"768\" height=\"1024\" src=\"http:\/\/arc-antibes.fr\/wp-content\/uploads\/2026\/04\/Photo_Mouans_05.04_EF-768x1024.jpeg\" alt=\"\" class=\"wp-image-3532 size-full\" srcset=\"http:\/\/arc-antibes.fr\/wp-content\/uploads\/2026\/04\/Photo_Mouans_05.04_EF-768x1024.jpeg 768w, http:\/\/arc-antibes.fr\/wp-content\/uploads\/2026\/04\/Photo_Mouans_05.04_EF-225x300.jpeg 225w, http:\/\/arc-antibes.fr\/wp-content\/uploads\/2026\/04\/Photo_Mouans_05.04_EF-1152x1536.jpeg 1152w, http:\/\/arc-antibes.fr\/wp-content\/uploads\/2026\/04\/Photo_Mouans_05.04_EF.jpeg 1200w\" sizes=\"auto, (max-width: 768px) 100vw, 768px\" \/><\/figure><\/div>\n\n\n\n<div style=\"height:50px\" aria-hidden=\"true\" class=\"wp-block-spacer\"><\/div>\n\n\n\n<hr class=\"wp-block-separator has-alpha-channel-opacity\"\/>\n","protected":false},"excerpt":{"rendered":"<p>La premi\u00e8re comp\u00e9tition ext\u00e9rieure pour nos Antibois s\u2019est d\u00e9roul\u00e9e \u00e0 Mouans-Sartoux ce week-end des 04 et 05 avril 2026. Cinq archers antibois \u00e9taient engag\u00e9s.<\/p>\n","protected":false},"author":1,"featured_media":0,"comment_status":"closed","ping_status":"open","sticky":false,"template":"","format":"gallery","meta":{"ngg_post_thumbnail":0,"footnotes":""},"categories":[11],"tags":[],"class_list":["post-3530","post","type-post","status-publish","format-gallery","hentry","category-competition","post_format-post-format-gallery"],"_links":{"self":[{"href":"http:\/\/arc-antibes.fr\/index.php?rest_route=\/wp\/v2\/posts\/3530","targetHints":{"allow":["GET"]}}],"collection":[{"href":"http:\/\/arc-antibes.fr\/index.php?rest_route=\/wp\/v2\/posts"}],"about":[{"href":"http:\/\/arc-antibes.fr\/index.php?rest_route=\/wp\/v2\/types\/post"}],"author":[{"embeddable":true,"href":"http:\/\/arc-antibes.fr\/index.php?rest_route=\/wp\/v2\/users\/1"}],"replies":[{"embeddable":true,"href":"http:\/\/arc-antibes.fr\/index.php?rest_route=%2Fwp%2Fv2%2Fcomments&post=3530"}],"version-history":[{"count":9,"href":"http:\/\/arc-antibes.fr\/index.php?rest_route=\/wp\/v2\/posts\/3530\/revisions"}],"predecessor-version":[{"id":3543,"href":"http:\/\/arc-antibes.fr\/index.php?rest_route=\/wp\/v2\/posts\/3530\/revisions\/3543"}],"wp:attachment":[{"href":"http:\/\/arc-antibes.fr\/index.php?rest_route=%2Fwp%2Fv2%2Fmedia&parent=3530"}],"wp:term":[{"taxonomy":"category","embeddable":true,"href":"http:\/\/arc-antibes.fr\/index.php?rest_route=%2Fwp%2Fv2%2Fcategories&post=3530"},{"taxonomy":"post_tag","embeddable":true,"href":"http:\/\/arc-antibes.fr\/index.php?rest_route=%2Fwp%2Fv2%2Ftags&post=3530"}],"curies":[{"name":"wp","href":"https:\/\/api.w.org\/{rel}","templated":true}]}}