{"id":3566,"date":"2026-04-20T09:59:02","date_gmt":"2026-04-20T07:59:02","guid":{"rendered":"http:\/\/arc-antibes.fr\/?p=3566"},"modified":"2026-04-20T15:40:14","modified_gmt":"2026-04-20T13:40:14","slug":"les-antibois-engages-dans-les-trj-drj-dre","status":"publish","type":"post","link":"http:\/\/arc-antibes.fr\/?p=3566","title":{"rendered":"Les Antibois en TRJ-DRJ-DRE 2026"},"content":{"rendered":"\n<div style=\"height:50px\" aria-hidden=\"true\" class=\"wp-block-spacer\"><\/div>\n\n\n\n<div class=\"wp-block-media-text is-stacked-on-mobile\"><figure class=\"wp-block-media-text__media\"><img loading=\"lazy\" decoding=\"async\" width=\"939\" height=\"1024\" src=\"http:\/\/arc-antibes.fr\/wp-content\/uploads\/2026\/04\/DRE_19.04.6-939x1024.jpeg\" alt=\"\" class=\"wp-image-3569 size-full\" srcset=\"http:\/\/arc-antibes.fr\/wp-content\/uploads\/2026\/04\/DRE_19.04.6-939x1024.jpeg 939w, http:\/\/arc-antibes.fr\/wp-content\/uploads\/2026\/04\/DRE_19.04.6-275x300.jpeg 275w, http:\/\/arc-antibes.fr\/wp-content\/uploads\/2026\/04\/DRE_19.04.6-768x838.jpeg 768w, http:\/\/arc-antibes.fr\/wp-content\/uploads\/2026\/04\/DRE_19.04.6.jpeg 1200w\" sizes=\"auto, (max-width: 939px) 100vw, 939px\" \/><\/figure><div class=\"wp-block-media-text__content\">\n<p>Le mois d\u2019avril signe le retour de l\u2019engagement des \u00e9quipes de la Compagnie d\u2019Arc sur les pas de tir r\u00e9gionaux lors des TRJ-DRJ (Tournoi R\u00e9gional Jeunes \u2013 Division R\u00e9gionale Jeunes) et de la DRE (Division R\u00e9gionale Excellence).<\/p>\n<\/div><\/div>\n\n\n\n<div class=\"wp-block-media-text has-media-on-the-right is-stacked-on-mobile is-vertically-aligned-center\"><div class=\"wp-block-media-text__content\">\n<p>La premi\u00e8re manche des TRJ-DRJ avait lieu le week-end des 11 et 12 avril, \u00e0 Aix-en-Provence (Bouches-du-Rh\u00f4ne). Trois Jeunes de la Compagnie \u00e9taient engag\u00e9s sur cette comp\u00e9tition\u00a0: Sofia Dumont, Victor Fuselier et Elora Jermann, encadr\u00e9s par Xavier Fouassier.<\/p>\n\n\n\n<p>Prochaine \u00e9tape pour nos jeunes Antibois\u00a0: Mouans-Sartoux (Alpes-Maritimes), les 13 et 14 juin 2026.<\/p>\n<\/div><figure class=\"wp-block-media-text__media\"><img loading=\"lazy\" decoding=\"async\" width=\"1024\" height=\"809\" src=\"http:\/\/arc-antibes.fr\/wp-content\/uploads\/2026\/04\/TRJ_11.04-1024x809.jpeg\" alt=\"\" class=\"wp-image-3567 size-full\" srcset=\"http:\/\/arc-antibes.fr\/wp-content\/uploads\/2026\/04\/TRJ_11.04-1024x809.jpeg 1024w, http:\/\/arc-antibes.fr\/wp-content\/uploads\/2026\/04\/TRJ_11.04-300x237.jpeg 300w, http:\/\/arc-antibes.fr\/wp-content\/uploads\/2026\/04\/TRJ_11.04-768x607.jpeg 768w, http:\/\/arc-antibes.fr\/wp-content\/uploads\/2026\/04\/TRJ_11.04.jpeg 1093w\" sizes=\"auto, (max-width: 1024px) 100vw, 1024px\" \/><\/figure><\/div>\n\n\n\n<div class=\"wp-block-media-text is-stacked-on-mobile is-vertically-aligned-center\"><figure class=\"wp-block-media-text__media\"><img loading=\"lazy\" decoding=\"async\" width=\"1024\" height=\"959\" src=\"http:\/\/arc-antibes.fr\/wp-content\/uploads\/2026\/04\/DRE_19.04-1024x959.jpeg\" alt=\"\" class=\"wp-image-3568 size-full\" srcset=\"http:\/\/arc-antibes.fr\/wp-content\/uploads\/2026\/04\/DRE_19.04-1024x959.jpeg 1024w, http:\/\/arc-antibes.fr\/wp-content\/uploads\/2026\/04\/DRE_19.04-300x281.jpeg 300w, http:\/\/arc-antibes.fr\/wp-content\/uploads\/2026\/04\/DRE_19.04-768x719.jpeg 768w, http:\/\/arc-antibes.fr\/wp-content\/uploads\/2026\/04\/DRE_19.04.jpeg 1151w\" sizes=\"auto, (max-width: 1024px) 100vw, 1024px\" \/><\/figure><div class=\"wp-block-media-text__content\">\n<p>Quant \u00e0 la DRE, la premi\u00e8re manche, \u00e9galement \u00e0 Aix-en-Provence, s\u2019est d\u00e9roul\u00e9e le dimanche 19 avril. Emmen\u00e9e par Xavier Fouassier, l\u2019\u00e9quipe est compos\u00e9e d\u2019Adrien Jean et de Victor et Pierrick Fuselier.<\/p>\n\n\n\n<p>Les prochaines manches DRE se d\u00e9rouleront le 31 mai 2026 \u00e0 Chateaurenard (Bouches-du-Rh\u00f4ne) et le 21 juin 2026 \u00e0 Sanary-sur-Mer (Var).<\/p>\n<\/div><\/div>\n\n\n\n<div style=\"height:50px\" aria-hidden=\"true\" class=\"wp-block-spacer\"><\/div>\n\n\n\n<hr class=\"wp-block-separator has-alpha-channel-opacity\"\/>\n","protected":false},"excerpt":{"rendered":"<p>Le mois d\u2019avril signe le retour de l\u2019engagement des \u00e9quipes de la Compagnie d\u2019Arc sur les pas de tir r\u00e9gionaux lors des TRJ-DRJ (Tournoi R\u00e9gional Jeunes \u2013 Division R\u00e9gionale Jeunes) et de la DRE (Division R\u00e9gionale Excellence). La premi\u00e8re manche &hellip; <a href=\"http:\/\/arc-antibes.fr\/?p=3566\">Continuer la lecture <span class=\"meta-nav\">&rarr;<\/span><\/a><\/p>\n","protected":false},"author":1,"featured_media":0,"comment_status":"closed","ping_status":"open","sticky":false,"template":"","format":"gallery","meta":{"ngg_post_thumbnail":0,"footnotes":""},"categories":[11],"tags":[],"class_list":["post-3566","post","type-post","status-publish","format-gallery","hentry","category-competition","post_format-post-format-gallery"],"_links":{"self":[{"href":"http:\/\/arc-antibes.fr\/index.php?rest_route=\/wp\/v2\/posts\/3566","targetHints":{"allow":["GET"]}}],"collection":[{"href":"http:\/\/arc-antibes.fr\/index.php?rest_route=\/wp\/v2\/posts"}],"about":[{"href":"http:\/\/arc-antibes.fr\/index.php?rest_route=\/wp\/v2\/types\/post"}],"author":[{"embeddable":true,"href":"http:\/\/arc-antibes.fr\/index.php?rest_route=\/wp\/v2\/users\/1"}],"replies":[{"embeddable":true,"href":"http:\/\/arc-antibes.fr\/index.php?rest_route=%2Fwp%2Fv2%2Fcomments&post=3566"}],"version-history":[{"count":10,"href":"http:\/\/arc-antibes.fr\/index.php?rest_route=\/wp\/v2\/posts\/3566\/revisions"}],"predecessor-version":[{"id":3589,"href":"http:\/\/arc-antibes.fr\/index.php?rest_route=\/wp\/v2\/posts\/3566\/revisions\/3589"}],"wp:attachment":[{"href":"http:\/\/arc-antibes.fr\/index.php?rest_route=%2Fwp%2Fv2%2Fmedia&parent=3566"}],"wp:term":[{"taxonomy":"category","embeddable":true,"href":"http:\/\/arc-antibes.fr\/index.php?rest_route=%2Fwp%2Fv2%2Fcategories&post=3566"},{"taxonomy":"post_tag","embeddable":true,"href":"http:\/\/arc-antibes.fr\/index.php?rest_route=%2Fwp%2Fv2%2Ftags&post=3566"}],"curies":[{"name":"wp","href":"https:\/\/api.w.org\/{rel}","templated":true}]}}